{"id":503,"date":"2020-01-31T18:27:00","date_gmt":"2020-01-31T18:27:00","guid":{"rendered":"https:\/\/gruta.pt\/?p=503"},"modified":"2020-07-17T09:02:32","modified_gmt":"2020-07-17T08:02:32","slug":"rebellisch","status":"publish","type":"post","link":"https:\/\/gruta.pt\/index.php\/de\/utopien\/rebellisch\/","title":{"rendered":"Rebellisch"},"content":{"rendered":"\n<figure class=\"wp-block-video aligncenter\"><video autoplay loop muted src=\"https:\/\/gruta.pt\/wp-content\/uploads\/2020\/02\/Comp-1_7-1.mp4\" playsinline><\/video><\/figure>\n\n\n\n<p class=\"has-text-align-center\">Wir entwerfen Architektur, die die g\u00e4ngigen Arbeitsweisen hinterfragt und stellen uns bewusst gegen eine Haltung, Projekte nur im Rahmen des M\u00f6glichen umzusetzen. Wir nutzen unsere langj\u00e4hrige Erfahrung, um Probleme kreativ zu l\u00f6sen und das Bestm\u00f6gliche f\u00fcr dein Projekt hervorzubringen.<\/p>\n","protected":false},"excerpt":{"rendered":"<p>Wir entwerfen Architektur, die die g\u00e4ngigen Arbeitsweisen hinterfragt und stellen uns bewusst gegen eine Haltung, Projekte nur im Rahmen des M\u00f6glichen umzusetzen. Wir nutzen unsere langj\u00e4hrige Erfahrung, um Probleme kreativ zu l\u00f6sen und das Bestm\u00f6gliche f\u00fcr dein Projekt hervorzubringen.<\/p>\n","protected":false},"author":1,"featured_media":500,"comment_status":"open","ping_status":"open","sticky":false,"template":"","format":"standard","meta":[],"categories":[27],"tags":[],"yoast_head":"<!-- This site is optimized with the Yoast SEO plugin v15.9.2 - https:\/\/yoast.com\/wordpress\/plugins\/seo\/ -->\n<title>Rebellisch - Gr\u00e9mio de Utopias Arquitect\u00f3nicas<\/title>\n<link rel=\"canonical\" href=\"https:\/\/gruta.pt\/index.php\/de\/utopien\/rebellisch\/\" \/>\n<meta property=\"og:locale\" content=\"pt_PT\" \/>\n<meta property=\"og:type\" content=\"article\" \/>\n<meta property=\"og:title\" content=\"Rebellisch - Gr\u00e9mio de Utopias Arquitect\u00f3nicas\" \/>\n<meta property=\"og:description\" content=\"Wir entwerfen Architektur, die die g\u00e4ngigen Arbeitsweisen hinterfragt und stellen uns bewusst gegen eine Haltung, Projekte nur im Rahmen des M\u00f6glichen umzusetzen. Wir nutzen unsere langj\u00e4hrige Erfahrung, um Probleme kreativ zu l\u00f6sen und das Bestm\u00f6gliche f\u00fcr dein Projekt hervorzubringen.\" \/>\n<meta property=\"og:url\" content=\"https:\/\/gruta.pt\/index.php\/de\/utopien\/rebellisch\/\" \/>\n<meta property=\"og:site_name\" content=\"Gr\u00e9mio de Utopias Arquitect\u00f3nicas\" \/>\n<meta property=\"article:published_time\" content=\"2020-01-31T18:27:00+00:00\" \/>\n<meta property=\"article:modified_time\" content=\"2020-07-17T08:02:32+00:00\" \/>\n<meta property=\"og:image\" content=\"https:\/\/gruta.pt\/wp-content\/uploads\/2020\/02\/rebellisch.jpg\" \/>\n\t<meta property=\"og:image:width\" content=\"425\" \/>\n\t<meta property=\"og:image:height\" content=\"425\" \/>\n<meta name=\"twitter:card\" content=\"summary_large_image\" \/>\n<script type=\"application\/ld+json\" class=\"yoast-schema-graph\">{\"@context\":\"https:\/\/schema.org\",\"@graph\":[{\"@type\":\"Organization\",\"@id\":\"https:\/\/gruta.pt\/#organization\",\"name\":\"GRUTA\",\"url\":\"https:\/\/gruta.pt\/\",\"sameAs\":[],\"logo\":{\"@type\":\"ImageObject\",\"@id\":\"https:\/\/gruta.pt\/#logo\",\"inLanguage\":\"pt-PT\",\"url\":\"https:\/\/gruta.pt\/wp-content\/uploads\/2020\/02\/Unbenannt.png\",\"width\":540,\"height\":521,\"caption\":\"GRUTA\"},\"image\":{\"@id\":\"https:\/\/gruta.pt\/#logo\"}},{\"@type\":\"WebSite\",\"@id\":\"https:\/\/gruta.pt\/#website\",\"url\":\"https:\/\/gruta.pt\/\",\"name\":\"Gr\\u00e9mio de Utopias Arquitect\\u00f3nicas\",\"description\":\"\",\"publisher\":{\"@id\":\"https:\/\/gruta.pt\/#organization\"},\"potentialAction\":[{\"@type\":\"SearchAction\",\"target\":\"https:\/\/gruta.pt\/?s={search_term_string}\",\"query-input\":\"required name=search_term_string\"}],\"inLanguage\":\"pt-PT\"},{\"@type\":\"ImageObject\",\"@id\":\"https:\/\/gruta.pt\/index.php\/de\/utopien\/rebellisch\/#primaryimage\",\"inLanguage\":\"pt-PT\",\"url\":\"https:\/\/gruta.pt\/wp-content\/uploads\/2020\/02\/rebellisch.jpg\",\"width\":425,\"height\":425},{\"@type\":\"WebPage\",\"@id\":\"https:\/\/gruta.pt\/index.php\/de\/utopien\/rebellisch\/#webpage\",\"url\":\"https:\/\/gruta.pt\/index.php\/de\/utopien\/rebellisch\/\",\"name\":\"Rebellisch - Gr\\u00e9mio de Utopias Arquitect\\u00f3nicas\",\"isPartOf\":{\"@id\":\"https:\/\/gruta.pt\/#website\"},\"primaryImageOfPage\":{\"@id\":\"https:\/\/gruta.pt\/index.php\/de\/utopien\/rebellisch\/#primaryimage\"},\"datePublished\":\"2020-01-31T18:27:00+00:00\",\"dateModified\":\"2020-07-17T08:02:32+00:00\",\"breadcrumb\":{\"@id\":\"https:\/\/gruta.pt\/index.php\/de\/utopien\/rebellisch\/#breadcrumb\"},\"inLanguage\":\"pt-PT\",\"potentialAction\":[{\"@type\":\"ReadAction\",\"target\":[\"https:\/\/gruta.pt\/index.php\/de\/utopien\/rebellisch\/\"]}]},{\"@type\":\"BreadcrumbList\",\"@id\":\"https:\/\/gruta.pt\/index.php\/de\/utopien\/rebellisch\/#breadcrumb\",\"itemListElement\":[{\"@type\":\"ListItem\",\"position\":1,\"item\":{\"@type\":\"WebPage\",\"@id\":\"https:\/\/gruta.pt\/\",\"url\":\"https:\/\/gruta.pt\/\",\"name\":\"In\\u00edcio\"}},{\"@type\":\"ListItem\",\"position\":2,\"item\":{\"@type\":\"WebPage\",\"@id\":\"https:\/\/gruta.pt\/index.php\/de\/utopien\/rebellisch\/\",\"url\":\"https:\/\/gruta.pt\/index.php\/de\/utopien\/rebellisch\/\",\"name\":\"Rebellisch\"}}]},{\"@type\":\"Article\",\"@id\":\"https:\/\/gruta.pt\/index.php\/de\/utopien\/rebellisch\/#article\",\"isPartOf\":{\"@id\":\"https:\/\/gruta.pt\/index.php\/de\/utopien\/rebellisch\/#webpage\"},\"author\":{\"@id\":\"https:\/\/gruta.pt\/#\/schema\/person\/b80662938b7823c6c79b3f90e8ecfcbe\"},\"headline\":\"Rebellisch\",\"datePublished\":\"2020-01-31T18:27:00+00:00\",\"dateModified\":\"2020-07-17T08:02:32+00:00\",\"mainEntityOfPage\":{\"@id\":\"https:\/\/gruta.pt\/index.php\/de\/utopien\/rebellisch\/#webpage\"},\"commentCount\":0,\"publisher\":{\"@id\":\"https:\/\/gruta.pt\/#organization\"},\"image\":{\"@id\":\"https:\/\/gruta.pt\/index.php\/de\/utopien\/rebellisch\/#primaryimage\"},\"articleSection\":\"Utopien\",\"inLanguage\":\"pt-PT\",\"potentialAction\":[{\"@type\":\"CommentAction\",\"name\":\"Comment\",\"target\":[\"https:\/\/gruta.pt\/index.php\/de\/utopien\/rebellisch\/#respond\"]}]},{\"@type\":\"Person\",\"@id\":\"https:\/\/gruta.pt\/#\/schema\/person\/b80662938b7823c6c79b3f90e8ecfcbe\",\"name\":\"mxcf\",\"image\":{\"@type\":\"ImageObject\",\"@id\":\"https:\/\/gruta.pt\/#personlogo\",\"inLanguage\":\"pt-PT\",\"url\":\"https:\/\/secure.gravatar.com\/avatar\/cbb23d80e90e14a743aa316c3133905b?s=96&d=mm&r=g\",\"caption\":\"mxcf\"}}]}<\/script>\n<!-- \/ Yoast SEO plugin. -->","_links":{"self":[{"href":"https:\/\/gruta.pt\/index.php\/wp-json\/wp\/v2\/posts\/503"}],"collection":[{"href":"https:\/\/gruta.pt\/index.php\/wp-json\/wp\/v2\/posts"}],"about":[{"href":"https:\/\/gruta.pt\/index.php\/wp-json\/wp\/v2\/types\/post"}],"author":[{"embeddable":true,"href":"https:\/\/gruta.pt\/index.php\/wp-json\/wp\/v2\/users\/1"}],"replies":[{"embeddable":true,"href":"https:\/\/gruta.pt\/index.php\/wp-json\/wp\/v2\/comments?post=503"}],"version-history":[{"count":5,"href":"https:\/\/gruta.pt\/index.php\/wp-json\/wp\/v2\/posts\/503\/revisions"}],"predecessor-version":[{"id":696,"href":"https:\/\/gruta.pt\/index.php\/wp-json\/wp\/v2\/posts\/503\/revisions\/696"}],"wp:featuredmedia":[{"embeddable":true,"href":"https:\/\/gruta.pt\/index.php\/wp-json\/wp\/v2\/media\/500"}],"wp:attachment":[{"href":"https:\/\/gruta.pt\/index.php\/wp-json\/wp\/v2\/media?parent=503"}],"wp:term":[{"taxonomy":"category","embeddable":true,"href":"https:\/\/gruta.pt\/index.php\/wp-json\/wp\/v2\/categories?post=503"},{"taxonomy":"post_tag","embeddable":true,"href":"https:\/\/gruta.pt\/index.php\/wp-json\/wp\/v2\/tags?post=503"}],"curies":[{"name":"wp","href":"https:\/\/api.w.org\/{rel}","templated":true}]}}